{"id":299,"count":0,"description":"Nos portes coulissantes \u00e0 galandage repr\u00e9sentent un syst\u00e8me gain de place tr\u00e8s pratique. La porte escamotable a \u00e9t\u00e9 \u00e9tudi\u00e9e pour pouvoir se loger \u00e0 l\u2019int\u00e9rieur d\u2019un mur\/une cloison pour une utilisation optimale des espaces. Comme pour toutes les portes design DoorArreda, ici aussi la fonctionnalit\u00e9 ne c\u00e8de pas le pas \u00e0 l\u2019esth\u00e9tique.","link":"https:\/\/www.doorarreda.it\/fr\/systemes-douverture\/porte-coulissante-a-galandage\/","name":"Porte coulissante \u00e0 galandage","slug":"porte-coulissante-a-galandage","taxonomy":"product_cat","parent":292,"meta":[],"acf":[],"yoast_head":"<!-- This site is optimized with the Yoast SEO plugin v23.9 - https:\/\/yoast.com\/wordpress\/plugins\/seo\/ -->\n<title>Porte coulissante \u00e0 galandage | DoorArreda<\/title>\n<meta name=\"robots\" content=\"index, follow, max-snippet:-1, max-image-preview:large, max-video-preview:-1\" \/>\n<link rel=\"canonical\" href=\"https:\/\/www.doorarreda.it\/fr\/systemes-douverture\/porte-coulissante-a-galandage\/\" \/>\n<meta property=\"og:locale\" content=\"fr_FR\" \/>\n<meta property=\"og:type\" content=\"article\" \/>\n<meta property=\"og:title\" content=\"Porte coulissante \u00e0 galandage | DoorArreda\" \/>\n<meta property=\"og:description\" content=\"Nos portes coulissantes \u00e0 galandage repr\u00e9sentent un syst\u00e8me gain de place tr\u00e8s pratique. La porte escamotable a \u00e9t\u00e9 \u00e9tudi\u00e9e pour pouvoir se loger \u00e0 l\u2019int\u00e9rieur d\u2019un mur\/une cloison pour une utilisation optimale des espaces. Comme pour toutes les portes design DoorArreda, ici aussi la fonctionnalit\u00e9 ne c\u00e8de pas le pas \u00e0 l\u2019esth\u00e9tique.\" \/>\n<meta property=\"og:url\" content=\"https:\/\/www.doorarreda.it\/fr\/systemes-douverture\/porte-coulissante-a-galandage\/\" \/>\n<meta property=\"og:site_name\" content=\"DoorArreda\" \/>\n<meta name=\"twitter:card\" content=\"summary_large_image\" \/>\n<script type=\"application\/ld+json\" class=\"yoast-schema-graph\">{\"@context\":\"https:\/\/schema.org\",\"@graph\":[{\"@type\":\"CollectionPage\",\"@id\":\"https:\/\/www.doorarreda.it\/fr\/systemes-douverture\/porte-coulissante-a-galandage\/\",\"url\":\"https:\/\/www.doorarreda.it\/fr\/systemes-douverture\/porte-coulissante-a-galandage\/\",\"name\":\"Porte coulissante \u00e0 galandage | DoorArreda\",\"isPartOf\":{\"@id\":\"https:\/\/doorarreda.it.encom.io\/#website\"},\"breadcrumb\":{\"@id\":\"https:\/\/www.doorarreda.it\/fr\/systemes-douverture\/porte-coulissante-a-galandage\/#breadcrumb\"},\"inLanguage\":\"fr-FR\"},{\"@type\":\"BreadcrumbList\",\"@id\":\"https:\/\/www.doorarreda.it\/fr\/systemes-douverture\/porte-coulissante-a-galandage\/#breadcrumb\",\"itemListElement\":[{\"@type\":\"ListItem\",\"position\":1,\"name\":\"Home\",\"item\":\"https:\/\/www.doorarreda.it\/fr\/\"},{\"@type\":\"ListItem\",\"position\":2,\"name\":\"Syst\u00e8mes d\u2019ouverture\",\"item\":\"https:\/\/www.doorarreda.it\/fr\/systemes-douverture\/\"},{\"@type\":\"ListItem\",\"position\":3,\"name\":\"Porte coulissante \u00e0 galandage\"}]},{\"@type\":\"WebSite\",\"@id\":\"https:\/\/doorarreda.it.encom.io\/#website\",\"url\":\"https:\/\/doorarreda.it.encom.io\/\",\"name\":\"DoorArreda\",\"description\":\"Italian doors for living\",\"publisher\":{\"@id\":\"https:\/\/doorarreda.it.encom.io\/#organization\"},\"potentialAction\":[{\"@type\":\"SearchAction\",\"target\":{\"@type\":\"EntryPoint\",\"urlTemplate\":\"https:\/\/doorarreda.it.encom.io\/?s={search_term_string}\"},\"query-input\":{\"@type\":\"PropertyValueSpecification\",\"valueRequired\":true,\"valueName\":\"search_term_string\"}}],\"inLanguage\":\"fr-FR\"},{\"@type\":\"Organization\",\"@id\":\"https:\/\/doorarreda.it.encom.io\/#organization\",\"name\":\"DoorArreda\",\"url\":\"https:\/\/doorarreda.it.encom.io\/\",\"logo\":{\"@type\":\"ImageObject\",\"inLanguage\":\"fr-FR\",\"@id\":\"https:\/\/doorarreda.it.encom.io\/#\/schema\/logo\/image\/\",\"url\":\"https:\/\/www.doorarreda.it\/wp-content\/uploads\/2018\/09\/doorarreda_logo.png\",\"contentUrl\":\"https:\/\/www.doorarreda.it\/wp-content\/uploads\/2018\/09\/doorarreda_logo.png\",\"width\":800,\"height\":114,\"caption\":\"DoorArreda\"},\"image\":{\"@id\":\"https:\/\/doorarreda.it.encom.io\/#\/schema\/logo\/image\/\"},\"sameAs\":[\"https:\/\/www.instagram.com\/doorarreda\/\",\"https:\/\/it.linkedin.com\/company\/doorarreda-s.r.l.\",\"https:\/\/www.youtube.com\/channel\/UCSXzztyQ7IfekV8nfq0dElg\"]}]}<\/script>\n<!-- \/ Yoast SEO plugin. -->","yoast_head_json":{"title":"Porte coulissante \u00e0 galandage | DoorArreda","robots":{"index":"index","follow":"follow","max-snippet":"max-snippet:-1","max-image-preview":"max-image-preview:large","max-video-preview":"max-video-preview:-1"},"canonical":"https:\/\/www.doorarreda.it\/fr\/systemes-douverture\/porte-coulissante-a-galandage\/","og_locale":"fr_FR","og_type":"article","og_title":"Porte coulissante \u00e0 galandage | DoorArreda","og_description":"Nos portes coulissantes \u00e0 galandage repr\u00e9sentent un syst\u00e8me gain de place tr\u00e8s pratique. La porte escamotable a \u00e9t\u00e9 \u00e9tudi\u00e9e pour pouvoir se loger \u00e0 l\u2019int\u00e9rieur d\u2019un mur\/une cloison pour une utilisation optimale des espaces. Comme pour toutes les portes design DoorArreda, ici aussi la fonctionnalit\u00e9 ne c\u00e8de pas le pas \u00e0 l\u2019esth\u00e9tique.","og_url":"https:\/\/www.doorarreda.it\/fr\/systemes-douverture\/porte-coulissante-a-galandage\/","og_site_name":"DoorArreda","twitter_card":"summary_large_image","schema":{"@context":"https:\/\/schema.org","@graph":[{"@type":"CollectionPage","@id":"https:\/\/www.doorarreda.it\/fr\/systemes-douverture\/porte-coulissante-a-galandage\/","url":"https:\/\/www.doorarreda.it\/fr\/systemes-douverture\/porte-coulissante-a-galandage\/","name":"Porte coulissante \u00e0 galandage | DoorArreda","isPartOf":{"@id":"https:\/\/doorarreda.it.encom.io\/#website"},"breadcrumb":{"@id":"https:\/\/www.doorarreda.it\/fr\/systemes-douverture\/porte-coulissante-a-galandage\/#breadcrumb"},"inLanguage":"fr-FR"},{"@type":"BreadcrumbList","@id":"https:\/\/www.doorarreda.it\/fr\/systemes-douverture\/porte-coulissante-a-galandage\/#breadcrumb","itemListElement":[{"@type":"ListItem","position":1,"name":"Home","item":"https:\/\/www.doorarreda.it\/fr\/"},{"@type":"ListItem","position":2,"name":"Syst\u00e8mes d\u2019ouverture","item":"https:\/\/www.doorarreda.it\/fr\/systemes-douverture\/"},{"@type":"ListItem","position":3,"name":"Porte coulissante \u00e0 galandage"}]},{"@type":"WebSite","@id":"https:\/\/doorarreda.it.encom.io\/#website","url":"https:\/\/doorarreda.it.encom.io\/","name":"DoorArreda","description":"Italian doors for living","publisher":{"@id":"https:\/\/doorarreda.it.encom.io\/#organization"},"potentialAction":[{"@type":"SearchAction","target":{"@type":"EntryPoint","urlTemplate":"https:\/\/doorarreda.it.encom.io\/?s={search_term_string}"},"query-input":{"@type":"PropertyValueSpecification","valueRequired":true,"valueName":"search_term_string"}}],"inLanguage":"fr-FR"},{"@type":"Organization","@id":"https:\/\/doorarreda.it.encom.io\/#organization","name":"DoorArreda","url":"https:\/\/doorarreda.it.encom.io\/","logo":{"@type":"ImageObject","inLanguage":"fr-FR","@id":"https:\/\/doorarreda.it.encom.io\/#\/schema\/logo\/image\/","url":"https:\/\/www.doorarreda.it\/wp-content\/uploads\/2018\/09\/doorarreda_logo.png","contentUrl":"https:\/\/www.doorarreda.it\/wp-content\/uploads\/2018\/09\/doorarreda_logo.png","width":800,"height":114,"caption":"DoorArreda"},"image":{"@id":"https:\/\/doorarreda.it.encom.io\/#\/schema\/logo\/image\/"},"sameAs":["https:\/\/www.instagram.com\/doorarreda\/","https:\/\/it.linkedin.com\/company\/doorarreda-s.r.l.","https:\/\/www.youtube.com\/channel\/UCSXzztyQ7IfekV8nfq0dElg"]}]}},"_links":{"self":[{"href":"https:\/\/www.doorarreda.it\/fr\/wp-json\/wp\/v2\/product_cat\/299","targetHints":{"allow":["GET"]}}],"collection":[{"href":"https:\/\/www.doorarreda.it\/fr\/wp-json\/wp\/v2\/product_cat"}],"about":[{"href":"https:\/\/www.doorarreda.it\/fr\/wp-json\/wp\/v2\/taxonomies\/product_cat"}],"up":[{"embeddable":true,"href":"https:\/\/www.doorarreda.it\/fr\/wp-json\/wp\/v2\/product_cat\/292"}],"wp:post_type":[{"href":"https:\/\/www.doorarreda.it\/fr\/wp-json\/wp\/v2\/product?product_cat=299"}],"curies":[{"name":"wp","href":"https:\/\/api.w.org\/{rel}","templated":true}]}}