{"id":288,"count":2,"description":"La collection de portes d\u2019int\u00e9rieur Luce se distingue par une porte au design net et \u00e9pur\u00e9, esth\u00e9tiquement \u00e9l\u00e9gant et minimaliste gr\u00e2ce \u00e0 la pr\u00e9sence des montants lat\u00e9raux uniquement. Ses sp\u00e9cifications techniques permettent une installation en version coulissante m\u00eame dans des contextes o\u00f9 habituellement il n\u2019est pas possible de l\u2019installer.","link":"https:\/\/www.doorarreda.it\/fr\/collections\/luce-fr\/","name":"Luce","slug":"luce-fr","taxonomy":"product_cat","parent":286,"meta":[],"acf":[],"yoast_head":"<!-- This site is optimized with the Yoast SEO plugin v23.9 - https:\/\/yoast.com\/wordpress\/plugins\/seo\/ -->\n<title>Luce | DoorArreda<\/title>\n<meta name=\"robots\" content=\"index, follow, max-snippet:-1, max-image-preview:large, max-video-preview:-1\" \/>\n<link rel=\"canonical\" href=\"https:\/\/www.doorarreda.it\/fr\/collections\/luce-fr\/\" \/>\n<meta property=\"og:locale\" content=\"fr_FR\" \/>\n<meta property=\"og:type\" content=\"article\" \/>\n<meta property=\"og:title\" content=\"Luce | DoorArreda\" \/>\n<meta property=\"og:description\" content=\"La collection de portes d\u2019int\u00e9rieur Luce se distingue par une porte au design net et \u00e9pur\u00e9, esth\u00e9tiquement \u00e9l\u00e9gant et minimaliste gr\u00e2ce \u00e0 la pr\u00e9sence des montants lat\u00e9raux uniquement. Ses sp\u00e9cifications techniques permettent une installation en version coulissante m\u00eame dans des contextes o\u00f9 habituellement il n\u2019est pas possible de l\u2019installer.\" \/>\n<meta property=\"og:url\" content=\"https:\/\/www.doorarreda.it\/fr\/collections\/luce-fr\/\" \/>\n<meta property=\"og:site_name\" content=\"DoorArreda\" \/>\n<meta name=\"twitter:card\" content=\"summary_large_image\" \/>\n<script type=\"application\/ld+json\" class=\"yoast-schema-graph\">{\"@context\":\"https:\/\/schema.org\",\"@graph\":[{\"@type\":\"CollectionPage\",\"@id\":\"https:\/\/www.doorarreda.it\/fr\/collections\/luce-fr\/\",\"url\":\"https:\/\/www.doorarreda.it\/fr\/collections\/luce-fr\/\",\"name\":\"Luce | DoorArreda\",\"isPartOf\":{\"@id\":\"https:\/\/doorarreda.it.encom.io\/#website\"},\"breadcrumb\":{\"@id\":\"https:\/\/www.doorarreda.it\/fr\/collections\/luce-fr\/#breadcrumb\"},\"inLanguage\":\"fr-FR\"},{\"@type\":\"BreadcrumbList\",\"@id\":\"https:\/\/www.doorarreda.it\/fr\/collections\/luce-fr\/#breadcrumb\",\"itemListElement\":[{\"@type\":\"ListItem\",\"position\":1,\"name\":\"Home\",\"item\":\"https:\/\/www.doorarreda.it\/fr\/\"},{\"@type\":\"ListItem\",\"position\":2,\"name\":\"Collections\",\"item\":\"https:\/\/www.doorarreda.it\/fr\/collections\/\"},{\"@type\":\"ListItem\",\"position\":3,\"name\":\"Luce\"}]},{\"@type\":\"WebSite\",\"@id\":\"https:\/\/doorarreda.it.encom.io\/#website\",\"url\":\"https:\/\/doorarreda.it.encom.io\/\",\"name\":\"DoorArreda\",\"description\":\"Italian doors for living\",\"publisher\":{\"@id\":\"https:\/\/doorarreda.it.encom.io\/#organization\"},\"potentialAction\":[{\"@type\":\"SearchAction\",\"target\":{\"@type\":\"EntryPoint\",\"urlTemplate\":\"https:\/\/doorarreda.it.encom.io\/?s={search_term_string}\"},\"query-input\":{\"@type\":\"PropertyValueSpecification\",\"valueRequired\":true,\"valueName\":\"search_term_string\"}}],\"inLanguage\":\"fr-FR\"},{\"@type\":\"Organization\",\"@id\":\"https:\/\/doorarreda.it.encom.io\/#organization\",\"name\":\"DoorArreda\",\"url\":\"https:\/\/doorarreda.it.encom.io\/\",\"logo\":{\"@type\":\"ImageObject\",\"inLanguage\":\"fr-FR\",\"@id\":\"https:\/\/doorarreda.it.encom.io\/#\/schema\/logo\/image\/\",\"url\":\"https:\/\/www.doorarreda.it\/wp-content\/uploads\/2018\/09\/doorarreda_logo.png\",\"contentUrl\":\"https:\/\/www.doorarreda.it\/wp-content\/uploads\/2018\/09\/doorarreda_logo.png\",\"width\":800,\"height\":114,\"caption\":\"DoorArreda\"},\"image\":{\"@id\":\"https:\/\/doorarreda.it.encom.io\/#\/schema\/logo\/image\/\"},\"sameAs\":[\"https:\/\/www.instagram.com\/doorarreda\/\",\"https:\/\/it.linkedin.com\/company\/doorarreda-s.r.l.\",\"https:\/\/www.youtube.com\/channel\/UCSXzztyQ7IfekV8nfq0dElg\"]}]}<\/script>\n<!-- \/ Yoast SEO plugin. -->","yoast_head_json":{"title":"Luce | DoorArreda","robots":{"index":"index","follow":"follow","max-snippet":"max-snippet:-1","max-image-preview":"max-image-preview:large","max-video-preview":"max-video-preview:-1"},"canonical":"https:\/\/www.doorarreda.it\/fr\/collections\/luce-fr\/","og_locale":"fr_FR","og_type":"article","og_title":"Luce | DoorArreda","og_description":"La collection de portes d\u2019int\u00e9rieur Luce se distingue par une porte au design net et \u00e9pur\u00e9, esth\u00e9tiquement \u00e9l\u00e9gant et minimaliste gr\u00e2ce \u00e0 la pr\u00e9sence des montants lat\u00e9raux uniquement. Ses sp\u00e9cifications techniques permettent une installation en version coulissante m\u00eame dans des contextes o\u00f9 habituellement il n\u2019est pas possible de l\u2019installer.","og_url":"https:\/\/www.doorarreda.it\/fr\/collections\/luce-fr\/","og_site_name":"DoorArreda","twitter_card":"summary_large_image","schema":{"@context":"https:\/\/schema.org","@graph":[{"@type":"CollectionPage","@id":"https:\/\/www.doorarreda.it\/fr\/collections\/luce-fr\/","url":"https:\/\/www.doorarreda.it\/fr\/collections\/luce-fr\/","name":"Luce | DoorArreda","isPartOf":{"@id":"https:\/\/doorarreda.it.encom.io\/#website"},"breadcrumb":{"@id":"https:\/\/www.doorarreda.it\/fr\/collections\/luce-fr\/#breadcrumb"},"inLanguage":"fr-FR"},{"@type":"BreadcrumbList","@id":"https:\/\/www.doorarreda.it\/fr\/collections\/luce-fr\/#breadcrumb","itemListElement":[{"@type":"ListItem","position":1,"name":"Home","item":"https:\/\/www.doorarreda.it\/fr\/"},{"@type":"ListItem","position":2,"name":"Collections","item":"https:\/\/www.doorarreda.it\/fr\/collections\/"},{"@type":"ListItem","position":3,"name":"Luce"}]},{"@type":"WebSite","@id":"https:\/\/doorarreda.it.encom.io\/#website","url":"https:\/\/doorarreda.it.encom.io\/","name":"DoorArreda","description":"Italian doors for living","publisher":{"@id":"https:\/\/doorarreda.it.encom.io\/#organization"},"potentialAction":[{"@type":"SearchAction","target":{"@type":"EntryPoint","urlTemplate":"https:\/\/doorarreda.it.encom.io\/?s={search_term_string}"},"query-input":{"@type":"PropertyValueSpecification","valueRequired":true,"valueName":"search_term_string"}}],"inLanguage":"fr-FR"},{"@type":"Organization","@id":"https:\/\/doorarreda.it.encom.io\/#organization","name":"DoorArreda","url":"https:\/\/doorarreda.it.encom.io\/","logo":{"@type":"ImageObject","inLanguage":"fr-FR","@id":"https:\/\/doorarreda.it.encom.io\/#\/schema\/logo\/image\/","url":"https:\/\/www.doorarreda.it\/wp-content\/uploads\/2018\/09\/doorarreda_logo.png","contentUrl":"https:\/\/www.doorarreda.it\/wp-content\/uploads\/2018\/09\/doorarreda_logo.png","width":800,"height":114,"caption":"DoorArreda"},"image":{"@id":"https:\/\/doorarreda.it.encom.io\/#\/schema\/logo\/image\/"},"sameAs":["https:\/\/www.instagram.com\/doorarreda\/","https:\/\/it.linkedin.com\/company\/doorarreda-s.r.l.","https:\/\/www.youtube.com\/channel\/UCSXzztyQ7IfekV8nfq0dElg"]}]}},"_links":{"self":[{"href":"https:\/\/www.doorarreda.it\/fr\/wp-json\/wp\/v2\/product_cat\/288","targetHints":{"allow":["GET"]}}],"collection":[{"href":"https:\/\/www.doorarreda.it\/fr\/wp-json\/wp\/v2\/product_cat"}],"about":[{"href":"https:\/\/www.doorarreda.it\/fr\/wp-json\/wp\/v2\/taxonomies\/product_cat"}],"up":[{"embeddable":true,"href":"https:\/\/www.doorarreda.it\/fr\/wp-json\/wp\/v2\/product_cat\/286"}],"wp:post_type":[{"href":"https:\/\/www.doorarreda.it\/fr\/wp-json\/wp\/v2\/product?product_cat=288"}],"curies":[{"name":"wp","href":"https:\/\/api.w.org\/{rel}","templated":true}]}}